{"id":648,"date":"2026-01-31T16:28:55","date_gmt":"2026-01-31T16:28:55","guid":{"rendered":"https:\/\/www.encontrariobranco.com.br\/sobre\/rio-acre-ultrapassa-cota-de-transbordamento-e-prefeitura-de-rio-branco-entra-em-acao-para-ajudar-as-familias-atingidas\/"},"modified":"2026-01-31T16:28:55","modified_gmt":"2026-01-31T16:28:55","slug":"rio-acre-ultrapassa-cota-de-transbordamento-e-prefeitura-de-rio-branco-entra-em-acao-para-ajudar-as-familias-atingidas","status":"publish","type":"post","link":"https:\/\/www.encontrariobranco.com.br\/sobre\/rio-acre-ultrapassa-cota-de-transbordamento-e-prefeitura-de-rio-branco-entra-em-acao-para-ajudar-as-familias-atingidas\/","title":{"rendered":"Rio Acre ultrapassa cota de transbordamento e Prefeitura de Rio Branco entra em a\u00e7\u00e3o para ajudar as fam\u00edlias atingidas"},"content":{"rendered":"<div class=\"66f3d795ee270a44b166899555c42efc\" data-index=\"1\" style=\"float: none; margin:0px;\">\n<!-- Anuncio display - global -->\r\n<ins class=\"adsbygoogle\"\r\n     style=\"display:block\"\r\n     data-ad-client=\"ca-pub-8585364105181520\"\r\n     data-ad-slot=\"8789329856\"\r\n     data-ad-format=\"auto\"\r\n     data-full-width-responsive=\"true\"><\/ins>\r\n<script>\r\n     (adsbygoogle = window.adsbygoogle || []).push({});\r\n<\/script>\n<\/div>\n<h2>Situa\u00e7\u00e3o Atual do Rio Acre<\/h2>\n<p>Nesta sexta-feira, o Rio Acre ultrapassou a cota de transbordamento, que \u00e9 estipulada em 14 metros. O aumento significativo no n\u00edvel das \u00e1guas do rio gerou preocupa\u00e7\u00f5es e, portanto, a Prefeitura de Rio Branco, atrav\u00e9s da sua Coordenadoria Municipal de Defesa Civil, est\u00e1 atenta \u00e0s condi\u00e7\u00f5es do manancial e de diversos igarap\u00e9s na capital. Essa situa\u00e7\u00e3o exige monitoramento constante e a\u00e7\u00f5es efetivas para proteger as fam\u00edlias que habitam \u00e1reas suscet\u00edveis a inunda\u00e7\u00f5es.<\/p>\n<h2>Mobiliza\u00e7\u00e3o da Defesa Civil<\/h2>\n<p>Com a atual eleva\u00e7\u00e3o do n\u00edvel do Rio Acre, a Defesa Civil municipal j\u00e1 iniciou a mobiliza\u00e7\u00e3o de suas equipes. Essa a\u00e7\u00e3o foi autorizada pelo prefeito Ti\u00e3o Bocalom e envolve diversas secretarias da administra\u00e7\u00e3o municipal, que t\u00eam o objetivo principal de garantir a seguran\u00e7a dos cidad\u00e3os e oferecer suporte \u00e0s fam\u00edlias que est\u00e3o em regi\u00f5es de risco.<\/p>\n<h2>Planos de Conting\u00eancia Ativados<\/h2>\n<p>A Defesa Civil, por meio de seu coordenador, tenente-coronel Cl\u00e1udio Falc\u00e3o, est\u00e1 implementando todo o Plano de Conting\u00eancia em resposta ao quadro emergencial. A mobiliza\u00e7\u00e3o inclui a prepara\u00e7\u00e3o de abrigos, como o Parque de Exposi\u00e7\u00f5es, onde as fam\u00edlias poder\u00e3o ser encaminhadas caso a situa\u00e7\u00e3o de risco se concretize. Segundo Falc\u00e3o, a previs\u00e3o \u00e9 que o n\u00edvel da \u00e1gua continue subindo nos pr\u00f3ximos dias.<\/p>\n<p><img decoding=\"async\" src=\"https:\/\/www.encontrariobranco.com.br\/sobre\/wp-content\/uploads\/2026\/01\/rio-acre-ultrapassa-cota-de-transbordamento-e-prefeitura-de-rio-branco-entra-em-acao-para-ajudar-as-.webp\" alt=\"Rio Acre transbordo\" loading=\"lazy\" \/><\/p>\n<h2>Apoio \u00e0s Fam\u00edlias Atingidas<\/h2>\n<p>A Prefeitura est\u00e1 garantindo assist\u00eancia \u00e0s fam\u00edlias impactadas. O coordenador ressaltou que, assim que a situa\u00e7\u00e3o se agrava e a \u00e1gua come\u00e7a a alcan\u00e7ar as resid\u00eancias, as equipes atuam pronta e imediatamente para realizar as remo\u00e7\u00f5es necess\u00e1rias em seguran\u00e7a. As fam\u00edlias s\u00e3o levadas para casa de parentes ou para abrigos montados, sempre recebendo todo o suporte necess\u00e1rio para enfrentar esse dif\u00edcil per\u00edodo.<\/p>\n<h2>Monitoramento Cont\u00ednuo dos Igarap\u00e9s<\/h2>\n<p>A equipe da Defesa Civil est\u00e1 fazendo vistorias regulares em pelo menos 12 igarap\u00e9s da cidade, monitorando constantemente a situa\u00e7\u00e3o das \u00e1guas. O objetivo \u00e9 antecipar qualquer risco de inunda\u00e7\u00e3o em bairros que possam ser afetados e agir de forma preventiva, garantindo a seguran\u00e7a e a sa\u00fade das pessoas que vivem nessas \u00e1reas cr\u00edticas.<\/p>\n<h2>A\u00e7\u00f5es das Secretarias Municipais<\/h2>\n<p>Com a ativa\u00e7\u00e3o do Plano de Conting\u00eancia, v\u00e1rias secretarias municipais est\u00e3o colaborando para enfrentar essa situa\u00e7\u00e3o de emerg\u00eancia. Cada secretaria tem um papel essencial na mobiliza\u00e7\u00e3o e, juntos, trabalham para assegurar a seguran\u00e7a e o bem-estar da popula\u00e7\u00e3o afetada. Entre as a\u00e7\u00f5es, est\u00e3o a coordena\u00e7\u00e3o de abrigos, distribui\u00e7\u00e3o de alimentos, e assist\u00eancia m\u00e9dica e psicol\u00f3gica.<\/p>\n<h2>Avalia\u00e7\u00e3o de \u00c1reas de Risco<\/h2>\n<p>As equipes t\u00e9cnicas est\u00e3o avaliando as \u00e1reas com maior risco de inunda\u00e7\u00e3o, auxiliando com remo\u00e7\u00f5es preventivas para minimizar danos. A prioridade \u00e9 assegurar que a vida das pessoas esteja em primeiro plano e que todos recebam assist\u00eancia adequada. Essa avalia\u00e7\u00e3o inclui n\u00e3o apenas as condi\u00e7\u00f5es das resid\u00eancias, mas tamb\u00e9m a infraestrutura local, que pode ser comprometida pelas enchentes.<\/p>\n<h2>Hist\u00f3rico de Enchentes no Acre<\/h2>\n<p>O Acre tem um hist\u00f3rico de enfrentar enchentes, e a popula\u00e7\u00e3o local sabe bem das dificuldades que uma situa\u00e7\u00e3o como essa pode acarretar. Anos anteriores j\u00e1 tiveram seus desafios, e a experi\u00eancia acumulada pelo munic\u00edpio \u00e9 utilizada para enfrentar os desafios atuais. Essa viv\u00eancia permite um planejamento mais eficaz e respostas mais r\u00e1pidas \u00e0s emerg\u00eancias que surgem com as oscila\u00e7\u00f5es do clima.<\/p>\n<h2>Prepara\u00e7\u00e3o para Evacua\u00e7\u00e3o<\/h2>\n<p>Com a iminente eleva\u00e7\u00e3o das \u00e1guas, a coordena\u00e7\u00e3o est\u00e1 preparada para evacuar as \u00e1reas mais vulner\u00e1veis, implicando em um plano detalhado que prev\u00ea a remo\u00e7\u00e3o segura dos habitantes. O objetivo \u00e9 sempre a pr\u00e9via prote\u00e7\u00e3o e mobiliza\u00e7\u00e3o das fam\u00edlias, evitando assim trag\u00e9dias em situa\u00e7\u00f5es cr\u00edticas.<\/p>\n<h2>Import\u00e2ncia da Solidariedade Comunit\u00e1ria<\/h2>\n<p>As comunidades est\u00e3o demonstrando solidariedade durante esse momento de crise. A participa\u00e7\u00e3o da popula\u00e7\u00e3o se mostra essencial, com diversas iniciativas sendo promovidas para ajudar vizinhos e pessoas que se encontram em necessidade. A uni\u00e3o dos cidad\u00e3os \u00e9 um fator importante para a supera\u00e7\u00e3o dos desafios impostos pelas enchentes, refor\u00e7ando la\u00e7os comunit\u00e1rios.<\/p>\n<p>Em suma, a Prefeitura de Rio Branco se encontra em estado de alerta, e as a\u00e7\u00f5es em conjunto das secretarias municipais e da Defesa Civil visam atender rapidamente aos desafios que surgem frente a essa eleva\u00e7\u00e3o das \u00e1guas. O apoio \u00e0 popula\u00e7\u00e3o, o monitoramento constante e a mobiliza\u00e7\u00e3o dos servi\u00e7os de emerg\u00eancia s\u00e3o aspectos chave nesse esfor\u00e7o cont\u00ednuo para proteger as vidas e os bens dos cidad\u00e3os.<\/p>\n\n<div style=\"font-size: 0px; height: 0px; line-height: 0px; margin: 0; padding: 0; clear: both;\"><\/div>","protected":false},"excerpt":{"rendered":"<p>Rio Acre transbordou e a Prefeitura de Rio Branco age para ajudar fam\u00edlias atingidas.<\/p>\n","protected":false},"author":1,"featured_media":647,"comment_status":"closed","ping_status":"closed","sticky":false,"template":"","format":"standard","meta":{"footnotes":""},"categories":[1],"tags":[],"class_list":["post-648","post","type-post","status-publish","format-standard","has-post-thumbnail","hentry","category-noticias-em-rio-branco","has_thumb"],"aioseo_notices":[],"_links":{"self":[{"href":"https:\/\/www.encontrariobranco.com.br\/sobre\/wp-json\/wp\/v2\/posts\/648","targetHints":{"allow":["GET"]}}],"collection":[{"href":"https:\/\/www.encontrariobranco.com.br\/sobre\/wp-json\/wp\/v2\/posts"}],"about":[{"href":"https:\/\/www.encontrariobranco.com.br\/sobre\/wp-json\/wp\/v2\/types\/post"}],"author":[{"embeddable":true,"href":"https:\/\/www.encontrariobranco.com.br\/sobre\/wp-json\/wp\/v2\/users\/1"}],"replies":[{"embeddable":true,"href":"https:\/\/www.encontrariobranco.com.br\/sobre\/wp-json\/wp\/v2\/comments?post=648"}],"version-history":[{"count":0,"href":"https:\/\/www.encontrariobranco.com.br\/sobre\/wp-json\/wp\/v2\/posts\/648\/revisions"}],"wp:featuredmedia":[{"embeddable":true,"href":"https:\/\/www.encontrariobranco.com.br\/sobre\/wp-json\/wp\/v2\/media\/647"}],"wp:attachment":[{"href":"https:\/\/www.encontrariobranco.com.br\/sobre\/wp-json\/wp\/v2\/media?parent=648"}],"wp:term":[{"taxonomy":"category","embeddable":true,"href":"https:\/\/www.encontrariobranco.com.br\/sobre\/wp-json\/wp\/v2\/categories?post=648"},{"taxonomy":"post_tag","embeddable":true,"href":"https:\/\/www.encontrariobranco.com.br\/sobre\/wp-json\/wp\/v2\/tags?post=648"}],"curies":[{"name":"wp","href":"https:\/\/api.w.org\/{rel}","templated":true}]}}